{"id":161,"date":"2022-10-16T23:07:58","date_gmt":"2022-10-17T02:07:58","guid":{"rendered":"https:\/\/veroniquelima.com.br\/?p=161"},"modified":"2023-02-17T00:21:19","modified_gmt":"2023-02-17T03:21:19","slug":"criancas","status":"publish","type":"post","link":"https:\/\/veroniquelima.com.br\/?p=161","title":{"rendered":"Crian\u00e7as"},"content":{"rendered":"\n<p><strong>MUSICALIZA\u00c7\u00c3O<\/strong><br>Faixa et\u00e1ria: 3 a 6 anos<br>01 aula semanal com dura\u00e7\u00e3o de 50 minutos<br>Aulas em grupos<br>Os grupos s\u00e3o formados com crian\u00e7as de idades pr\u00f3ximas.<\/p>\n\n\n\n<p><strong>PERCEP\u00c7\u00c3O E<br>LINGUAGEM MUSICAL<\/strong><br>Faixa et\u00e1ria: a partir de 7 anos<br>01 aula semanal com dura\u00e7\u00e3o de 60 minutos<br>Aulas em grupos \u2013 Os grupos s\u00e3o formados com crian\u00e7as de idades pr\u00f3ximas. <br>Percep\u00e7\u00e3o, Teoria e Pr\u00e1tica de Conjunto.<\/p>\n\n\n\n<p><strong>FLAUTA-DOCE<\/strong><br>Aulas individuais de 45 e 60 minutos<br>A partir de 06 anos<br>Periodicidade semanal<\/p>\n\n\n\n<p><strong>PIANO<\/strong><br>Aulas individuais de 45 e 60 minutos<br>A partir de 06 anos<br>Periodicidade semanal<\/p>\n\n\n\n<p><strong>PR\u00c1TICA DE CONJUNTO<\/strong><br>Aulas em pequenos grupos<br>Desenvolvimento de repert\u00f3rio<\/p>\n","protected":false},"excerpt":{"rendered":"<p>MUSICALIZA\u00c7\u00c3OFaixa et\u00e1ria: 3 a 6 anos01 aula semanal com dura\u00e7\u00e3o de 50 minutosAulas em gruposOs grupos s\u00e3o formados com crian\u00e7as de idades pr\u00f3ximas. PERCEP\u00c7\u00c3O ELINGUAGEM MUSICALFaixa et\u00e1ria: a partir de 7 anos01 aula semanal com dura\u00e7\u00e3o de 60 minutosAulas em grupos \u2013 Os grupos s\u00e3o formados com crian\u00e7as de idades pr\u00f3ximas. Percep\u00e7\u00e3o, Teoria e Pr\u00e1tica [&hellip;]<\/p>\n","protected":false},"author":2,"featured_media":246,"comment_status":"closed","ping_status":"open","sticky":false,"template":"","format":"standard","meta":{"om_disable_all_campaigns":false,"_monsterinsights_skip_tracking":false},"categories":[1],"tags":[],"aioseo_notices":[],"aioseo_head":"\n\t\t<!-- All in One SEO 5.0.1 - aioseo.com -->\n\t<meta name=\"description\" content=\"MUSICALIZA\u00c7\u00c3OFaixa et\u00e1ria: 3 a 6 anos01 aula semanal com dura\u00e7\u00e3o de 50 minutosAulas em gruposOs grupos s\u00e3o formados com crian\u00e7as de idades pr\u00f3ximas. PERCEP\u00c7\u00c3O ELINGUAGEM MUSICALFaixa et\u00e1ria: a partir de 7 anos01 aula semanal com dura\u00e7\u00e3o de 60 minutosAulas em grupos \u2013 Os grupos s\u00e3o formados com crian\u00e7as de idades pr\u00f3ximas. Percep\u00e7\u00e3o, Teoria e Pr\u00e1tica\" \/>\n\t<meta name=\"robots\" content=\"max-image-preview:large\" \/>\n\t<meta name=\"author\" content=\"Veronique Lima\"\/>\n\t<link rel=\"canonical\" href=\"https:\/\/veroniquelima.com.br\/?p=161\" \/>\n\t<meta name=\"generator\" content=\"All in One SEO (AIOSEO) 5.0.1\" \/>\n\t\t<meta property=\"og:locale\" content=\"pt_BR\" \/>\n\t\t<meta property=\"og:site_name\" content=\"Veronique Lima Studio - Cursos de M\u00fasica para Adultos e Crian\u00e7as\" \/>\n\t\t<meta property=\"og:type\" content=\"article\" \/>\n\t\t<meta property=\"og:title\" content=\"Crian\u00e7as - Veronique Lima Studio\" \/>\n\t\t<meta property=\"og:description\" content=\"MUSICALIZA\u00c7\u00c3OFaixa et\u00e1ria: 3 a 6 anos01 aula semanal com dura\u00e7\u00e3o de 50 minutosAulas em gruposOs grupos s\u00e3o formados com crian\u00e7as de idades pr\u00f3ximas. PERCEP\u00c7\u00c3O ELINGUAGEM MUSICALFaixa et\u00e1ria: a partir de 7 anos01 aula semanal com dura\u00e7\u00e3o de 60 minutosAulas em grupos \u2013 Os grupos s\u00e3o formados com crian\u00e7as de idades pr\u00f3ximas. Percep\u00e7\u00e3o, Teoria e Pr\u00e1tica\" \/>\n\t\t<meta property=\"og:url\" content=\"https:\/\/veroniquelima.com.br\/?p=161\" \/>\n\t\t<meta property=\"og:image\" content=\"https:\/\/veroniquelima.com.br\/wp-content\/uploads\/2023\/02\/cropped-cropped-siteIcon2Transp.png\" \/>\n\t\t<meta property=\"og:image:secure_url\" content=\"https:\/\/veroniquelima.com.br\/wp-content\/uploads\/2023\/02\/cropped-cropped-siteIcon2Transp.png\" \/>\n\t\t<meta property=\"article:published_time\" content=\"2022-10-17T02:07:58+00:00\" \/>\n\t\t<meta property=\"article:modified_time\" content=\"2023-02-17T03:21:19+00:00\" \/>\n\t\t<meta name=\"twitter:card\" content=\"summary_large_image\" \/>\n\t\t<meta name=\"twitter:title\" content=\"Crian\u00e7as - Veronique Lima Studio\" \/>\n\t\t<meta name=\"twitter:description\" content=\"MUSICALIZA\u00c7\u00c3OFaixa et\u00e1ria: 3 a 6 anos01 aula semanal com dura\u00e7\u00e3o de 50 minutosAulas em gruposOs grupos s\u00e3o formados com crian\u00e7as de idades pr\u00f3ximas. PERCEP\u00c7\u00c3O ELINGUAGEM MUSICALFaixa et\u00e1ria: a partir de 7 anos01 aula semanal com dura\u00e7\u00e3o de 60 minutosAulas em grupos \u2013 Os grupos s\u00e3o formados com crian\u00e7as de idades pr\u00f3ximas. Percep\u00e7\u00e3o, Teoria e Pr\u00e1tica\" \/>\n\t\t<meta name=\"twitter:image\" content=\"https:\/\/veroniquelima.com.br\/wp-content\/uploads\/2023\/02\/cropped-cropped-siteIcon2Transp.png\" \/>\n\t\t<script type=\"application\/ld+json\" class=\"aioseo-schema\">\n\t\t\t{\"@context\":\"https:\\\/\\\/schema.org\",\"@graph\":[{\"@type\":\"BlogPosting\",\"@id\":\"https:\\\/\\\/veroniquelima.com.br\\\/?p=161#blogposting\",\"name\":\"Crian\\u00e7as - Veronique Lima Studio\",\"headline\":\"Crian\\u00e7as\",\"author\":{\"@id\":\"https:\\\/\\\/veroniquelima.com.br\\\/?author=2#author\"},\"publisher\":{\"@id\":\"https:\\\/\\\/veroniquelima.com.br\\\/#organization\"},\"image\":{\"@type\":\"ImageObject\",\"url\":\"https:\\\/\\\/veroniquelima.com.br\\\/wp-content\\\/uploads\\\/2022\\\/10\\\/IMG-20171210-WA0017.jpg\",\"width\":1280,\"height\":853},\"datePublished\":\"2022-10-16T23:07:58-03:00\",\"dateModified\":\"2023-02-17T00:21:19-03:00\",\"inLanguage\":\"pt-BR\",\"mainEntityOfPage\":{\"@id\":\"https:\\\/\\\/veroniquelima.com.br\\\/?p=161#webpage\"},\"isPartOf\":{\"@id\":\"https:\\\/\\\/veroniquelima.com.br\\\/?p=161#webpage\"},\"articleSection\":\"Uncategorized\"},{\"@type\":\"BreadcrumbList\",\"@id\":\"https:\\\/\\\/veroniquelima.com.br\\\/?p=161#breadcrumblist\",\"itemListElement\":[{\"@type\":\"ListItem\",\"@id\":\"https:\\\/\\\/veroniquelima.com.br#listItem\",\"position\":1,\"name\":\"Home\",\"item\":\"https:\\\/\\\/veroniquelima.com.br\",\"nextItem\":{\"@type\":\"ListItem\",\"@id\":\"https:\\\/\\\/veroniquelima.com.br\\\/?cat=1#listItem\",\"name\":\"Uncategorized\"}},{\"@type\":\"ListItem\",\"@id\":\"https:\\\/\\\/veroniquelima.com.br\\\/?cat=1#listItem\",\"position\":2,\"name\":\"Uncategorized\",\"item\":\"https:\\\/\\\/veroniquelima.com.br\\\/?cat=1\",\"nextItem\":{\"@type\":\"ListItem\",\"@id\":\"https:\\\/\\\/veroniquelima.com.br\\\/?p=161#listItem\",\"name\":\"Crian\\u00e7as\"},\"previousItem\":{\"@type\":\"ListItem\",\"@id\":\"https:\\\/\\\/veroniquelima.com.br#listItem\",\"name\":\"Home\"}},{\"@type\":\"ListItem\",\"@id\":\"https:\\\/\\\/veroniquelima.com.br\\\/?p=161#listItem\",\"position\":3,\"name\":\"Crian\\u00e7as\",\"previousItem\":{\"@type\":\"ListItem\",\"@id\":\"https:\\\/\\\/veroniquelima.com.br\\\/?cat=1#listItem\",\"name\":\"Uncategorized\"}}]},{\"@type\":\"Organization\",\"@id\":\"https:\\\/\\\/veroniquelima.com.br\\\/#organization\",\"name\":\"Veronique Lima\",\"description\":\"Cursos de M\\u00fasica para Adultos e Crian\\u00e7as\",\"url\":\"https:\\\/\\\/veroniquelima.com.br\\\/\",\"logo\":{\"@type\":\"ImageObject\",\"url\":\"https:\\\/\\\/veroniquelima.com.br\\\/wp-content\\\/uploads\\\/2023\\\/02\\\/cropped-cropped-siteIcon2Transp.png\",\"@id\":\"https:\\\/\\\/veroniquelima.com.br\\\/?p=161\\\/#organizationLogo\",\"width\":512,\"height\":512},\"image\":{\"@id\":\"https:\\\/\\\/veroniquelima.com.br\\\/?p=161\\\/#organizationLogo\"}},{\"@type\":\"Person\",\"@id\":\"https:\\\/\\\/veroniquelima.com.br\\\/?author=2#author\",\"url\":\"https:\\\/\\\/veroniquelima.com.br\\\/?author=2\",\"name\":\"Veronique Lima\"},{\"@type\":\"WebPage\",\"@id\":\"https:\\\/\\\/veroniquelima.com.br\\\/?p=161#webpage\",\"url\":\"https:\\\/\\\/veroniquelima.com.br\\\/?p=161\",\"name\":\"Crian\\u00e7as - Veronique Lima Studio\",\"description\":\"MUSICALIZA\\u00c7\\u00c3OFaixa et\\u00e1ria: 3 a 6 anos01 aula semanal com dura\\u00e7\\u00e3o de 50 minutosAulas em gruposOs grupos s\\u00e3o formados com crian\\u00e7as de idades pr\\u00f3ximas. PERCEP\\u00c7\\u00c3O ELINGUAGEM MUSICALFaixa et\\u00e1ria: a partir de 7 anos01 aula semanal com dura\\u00e7\\u00e3o de 60 minutosAulas em grupos \\u2013 Os grupos s\\u00e3o formados com crian\\u00e7as de idades pr\\u00f3ximas. Percep\\u00e7\\u00e3o, Teoria e Pr\\u00e1tica\",\"inLanguage\":\"pt-BR\",\"isPartOf\":{\"@id\":\"https:\\\/\\\/veroniquelima.com.br\\\/#website\"},\"breadcrumb\":{\"@id\":\"https:\\\/\\\/veroniquelima.com.br\\\/?p=161#breadcrumblist\"},\"author\":{\"@id\":\"https:\\\/\\\/veroniquelima.com.br\\\/?author=2#author\"},\"creator\":{\"@id\":\"https:\\\/\\\/veroniquelima.com.br\\\/?author=2#author\"},\"image\":{\"@type\":\"ImageObject\",\"url\":\"https:\\\/\\\/veroniquelima.com.br\\\/wp-content\\\/uploads\\\/2022\\\/10\\\/IMG-20171210-WA0017.jpg\",\"@id\":\"https:\\\/\\\/veroniquelima.com.br\\\/?p=161\\\/#mainImage\",\"width\":1280,\"height\":853},\"primaryImageOfPage\":{\"@id\":\"https:\\\/\\\/veroniquelima.com.br\\\/?p=161#mainImage\"},\"datePublished\":\"2022-10-16T23:07:58-03:00\",\"dateModified\":\"2023-02-17T00:21:19-03:00\"},{\"@type\":\"WebSite\",\"@id\":\"https:\\\/\\\/veroniquelima.com.br\\\/#website\",\"url\":\"https:\\\/\\\/veroniquelima.com.br\\\/\",\"name\":\"Veronique Lima\",\"description\":\"Cursos de M\\u00fasica para Adultos e Crian\\u00e7as\",\"inLanguage\":\"pt-BR\",\"publisher\":{\"@id\":\"https:\\\/\\\/veroniquelima.com.br\\\/#organization\"}}]}\n\t\t<\/script>\n\t\t<!-- All in One SEO -->\n\n","aioseo_head_json":{"title":"Crian\u00e7as - Veronique Lima Studio","description":"MUSICALIZA\u00c7\u00c3OFaixa et\u00e1ria: 3 a 6 anos01 aula semanal com dura\u00e7\u00e3o de 50 minutosAulas em gruposOs grupos s\u00e3o formados com crian\u00e7as de idades pr\u00f3ximas. PERCEP\u00c7\u00c3O ELINGUAGEM MUSICALFaixa et\u00e1ria: a partir de 7 anos01 aula semanal com dura\u00e7\u00e3o de 60 minutosAulas em grupos \u2013 Os grupos s\u00e3o formados com crian\u00e7as de idades pr\u00f3ximas. Percep\u00e7\u00e3o, Teoria e Pr\u00e1tica","canonical_url":"https:\/\/veroniquelima.com.br\/?p=161","robots":"max-image-preview:large","keywords":"","webmasterTools":{"miscellaneous":""},"schema":{"@context":"https:\/\/schema.org","@graph":[{"@type":"BlogPosting","@id":"https:\/\/veroniquelima.com.br\/?p=161#blogposting","name":"Crian\u00e7as - Veronique Lima Studio","headline":"Crian\u00e7as","author":{"@id":"https:\/\/veroniquelima.com.br\/?author=2#author"},"publisher":{"@id":"https:\/\/veroniquelima.com.br\/#organization"},"image":{"@type":"ImageObject","url":"https:\/\/veroniquelima.com.br\/wp-content\/uploads\/2022\/10\/IMG-20171210-WA0017.jpg","width":1280,"height":853},"datePublished":"2022-10-16T23:07:58-03:00","dateModified":"2023-02-17T00:21:19-03:00","inLanguage":"pt-BR","mainEntityOfPage":{"@id":"https:\/\/veroniquelima.com.br\/?p=161#webpage"},"isPartOf":{"@id":"https:\/\/veroniquelima.com.br\/?p=161#webpage"},"articleSection":"Uncategorized"},{"@type":"BreadcrumbList","@id":"https:\/\/veroniquelima.com.br\/?p=161#breadcrumblist","itemListElement":[{"@type":"ListItem","@id":"https:\/\/veroniquelima.com.br#listItem","position":1,"name":"Home","item":"https:\/\/veroniquelima.com.br","nextItem":{"@type":"ListItem","@id":"https:\/\/veroniquelima.com.br\/?cat=1#listItem","name":"Uncategorized"}},{"@type":"ListItem","@id":"https:\/\/veroniquelima.com.br\/?cat=1#listItem","position":2,"name":"Uncategorized","item":"https:\/\/veroniquelima.com.br\/?cat=1","nextItem":{"@type":"ListItem","@id":"https:\/\/veroniquelima.com.br\/?p=161#listItem","name":"Crian\u00e7as"},"previousItem":{"@type":"ListItem","@id":"https:\/\/veroniquelima.com.br#listItem","name":"Home"}},{"@type":"ListItem","@id":"https:\/\/veroniquelima.com.br\/?p=161#listItem","position":3,"name":"Crian\u00e7as","previousItem":{"@type":"ListItem","@id":"https:\/\/veroniquelima.com.br\/?cat=1#listItem","name":"Uncategorized"}}]},{"@type":"Organization","@id":"https:\/\/veroniquelima.com.br\/#organization","name":"Veronique Lima","description":"Cursos de M\u00fasica para Adultos e Crian\u00e7as","url":"https:\/\/veroniquelima.com.br\/","logo":{"@type":"ImageObject","url":"https:\/\/veroniquelima.com.br\/wp-content\/uploads\/2023\/02\/cropped-cropped-siteIcon2Transp.png","@id":"https:\/\/veroniquelima.com.br\/?p=161\/#organizationLogo","width":512,"height":512},"image":{"@id":"https:\/\/veroniquelima.com.br\/?p=161\/#organizationLogo"}},{"@type":"Person","@id":"https:\/\/veroniquelima.com.br\/?author=2#author","url":"https:\/\/veroniquelima.com.br\/?author=2","name":"Veronique Lima"},{"@type":"WebPage","@id":"https:\/\/veroniquelima.com.br\/?p=161#webpage","url":"https:\/\/veroniquelima.com.br\/?p=161","name":"Crian\u00e7as - Veronique Lima Studio","description":"MUSICALIZA\u00c7\u00c3OFaixa et\u00e1ria: 3 a 6 anos01 aula semanal com dura\u00e7\u00e3o de 50 minutosAulas em gruposOs grupos s\u00e3o formados com crian\u00e7as de idades pr\u00f3ximas. PERCEP\u00c7\u00c3O ELINGUAGEM MUSICALFaixa et\u00e1ria: a partir de 7 anos01 aula semanal com dura\u00e7\u00e3o de 60 minutosAulas em grupos \u2013 Os grupos s\u00e3o formados com crian\u00e7as de idades pr\u00f3ximas. Percep\u00e7\u00e3o, Teoria e Pr\u00e1tica","inLanguage":"pt-BR","isPartOf":{"@id":"https:\/\/veroniquelima.com.br\/#website"},"breadcrumb":{"@id":"https:\/\/veroniquelima.com.br\/?p=161#breadcrumblist"},"author":{"@id":"https:\/\/veroniquelima.com.br\/?author=2#author"},"creator":{"@id":"https:\/\/veroniquelima.com.br\/?author=2#author"},"image":{"@type":"ImageObject","url":"https:\/\/veroniquelima.com.br\/wp-content\/uploads\/2022\/10\/IMG-20171210-WA0017.jpg","@id":"https:\/\/veroniquelima.com.br\/?p=161\/#mainImage","width":1280,"height":853},"primaryImageOfPage":{"@id":"https:\/\/veroniquelima.com.br\/?p=161#mainImage"},"datePublished":"2022-10-16T23:07:58-03:00","dateModified":"2023-02-17T00:21:19-03:00"},{"@type":"WebSite","@id":"https:\/\/veroniquelima.com.br\/#website","url":"https:\/\/veroniquelima.com.br\/","name":"Veronique Lima","description":"Cursos de M\u00fasica para Adultos e Crian\u00e7as","inLanguage":"pt-BR","publisher":{"@id":"https:\/\/veroniquelima.com.br\/#organization"}}]},"og:locale":"pt_BR","og:site_name":"Veronique Lima Studio - Cursos de M\u00fasica para Adultos e Crian\u00e7as","og:type":"article","og:title":"Crian\u00e7as - Veronique Lima Studio","og:description":"MUSICALIZA\u00c7\u00c3OFaixa et\u00e1ria: 3 a 6 anos01 aula semanal com dura\u00e7\u00e3o de 50 minutosAulas em gruposOs grupos s\u00e3o formados com crian\u00e7as de idades pr\u00f3ximas. PERCEP\u00c7\u00c3O ELINGUAGEM MUSICALFaixa et\u00e1ria: a partir de 7 anos01 aula semanal com dura\u00e7\u00e3o de 60 minutosAulas em grupos \u2013 Os grupos s\u00e3o formados com crian\u00e7as de idades pr\u00f3ximas. Percep\u00e7\u00e3o, Teoria e Pr\u00e1tica","og:url":"https:\/\/veroniquelima.com.br\/?p=161","og:image":"https:\/\/veroniquelima.com.br\/wp-content\/uploads\/2023\/02\/cropped-cropped-siteIcon2Transp.png","og:image:secure_url":"https:\/\/veroniquelima.com.br\/wp-content\/uploads\/2023\/02\/cropped-cropped-siteIcon2Transp.png","article:published_time":"2022-10-17T02:07:58+00:00","article:modified_time":"2023-02-17T03:21:19+00:00","twitter:card":"summary_large_image","twitter:title":"Crian\u00e7as - Veronique Lima Studio","twitter:description":"MUSICALIZA\u00c7\u00c3OFaixa et\u00e1ria: 3 a 6 anos01 aula semanal com dura\u00e7\u00e3o de 50 minutosAulas em gruposOs grupos s\u00e3o formados com crian\u00e7as de idades pr\u00f3ximas. PERCEP\u00c7\u00c3O ELINGUAGEM MUSICALFaixa et\u00e1ria: a partir de 7 anos01 aula semanal com dura\u00e7\u00e3o de 60 minutosAulas em grupos \u2013 Os grupos s\u00e3o formados com crian\u00e7as de idades pr\u00f3ximas. Percep\u00e7\u00e3o, Teoria e Pr\u00e1tica","twitter:image":"https:\/\/veroniquelima.com.br\/wp-content\/uploads\/2023\/02\/cropped-cropped-siteIcon2Transp.png"},"aioseo_meta_data":{"post_id":"161","title":null,"description":null,"keywords":[],"keyphrases":{"focus":[],"additional":[]},"canonical_url":null,"og_title":null,"og_description":null,"og_object_type":"default","og_image_type":"default","og_image_url":null,"og_image_width":null,"og_image_height":null,"og_image_custom_url":null,"og_image_custom_fields":null,"og_video":"","og_custom_url":null,"og_article_section":null,"og_article_tags":[],"twitter_use_og":false,"twitter_card":"default","twitter_image_type":"default","twitter_image_url":null,"twitter_image_custom_url":null,"twitter_image_custom_fields":null,"twitter_title":null,"twitter_description":null,"schema":{"blockGraphs":[],"customGraphs":[],"default":{"data":{"Article":[],"Course":[],"Dataset":[],"FAQPage":[],"Movie":[],"Person":[],"Product":[],"ProductReview":[],"Car":[],"Recipe":[],"Service":[],"SoftwareApplication":[],"WebPage":[]},"graphName":"BlogPosting","isEnabled":true},"graphs":[]},"schema_type":"default","schema_type_options":null,"pillar_content":false,"robots_default":true,"robots_noindex":false,"robots_noarchive":false,"robots_nosnippet":false,"robots_nofollow":false,"robots_noimageindex":false,"robots_noodp":false,"robots_notranslate":false,"robots_max_snippet":"-1","robots_max_videopreview":"-1","robots_max_imagepreview":"large","priority":null,"frequency":"default","local_seo":null,"limit_modified_date":false,"created":"2023-02-16 23:07:58","updated":"2026-08-28 19:32:06","focus_keyword":null,"additional_keywords":null,"truseo_locale":null,"primary_term":null,"ai":null,"breadcrumb_settings":null,"seo_analyzer_scan_date":null},"aioseo_breadcrumb":"<div class=\"aioseo-breadcrumbs\"><span class=\"aioseo-breadcrumb\">\n\t\t\t<a href=\"https:\/\/veroniquelima.com.br\" title=\"Home\">Home<\/a>\n\t\t<\/span><span class=\"aioseo-breadcrumb-separator\">&raquo;<\/span><span class=\"aioseo-breadcrumb\">\n\t\t\t<a href=\"https:\/\/veroniquelima.com.br\/?cat=1\" title=\"Uncategorized\">Uncategorized<\/a>\n\t\t<\/span><span class=\"aioseo-breadcrumb-separator\">&raquo;<\/span><span class=\"aioseo-breadcrumb\">\n\t\t\tCrian\u00e7as\n\t\t<\/span><\/div>","aioseo_breadcrumb_json":[{"label":"Home","link":"https:\/\/veroniquelima.com.br"},{"label":"Uncategorized","link":"https:\/\/veroniquelima.com.br\/?cat=1"},{"label":"Crian\u00e7as","link":"https:\/\/veroniquelima.com.br\/?p=161"}],"_links":{"self":[{"href":"https:\/\/veroniquelima.com.br\/index.php?rest_route=\/wp\/v2\/posts\/161"}],"collection":[{"href":"https:\/\/veroniquelima.com.br\/index.php?rest_route=\/wp\/v2\/posts"}],"about":[{"href":"https:\/\/veroniquelima.com.br\/index.php?rest_route=\/wp\/v2\/types\/post"}],"author":[{"embeddable":true,"href":"https:\/\/veroniquelima.com.br\/index.php?rest_route=\/wp\/v2\/users\/2"}],"replies":[{"embeddable":true,"href":"https:\/\/veroniquelima.com.br\/index.php?rest_route=%2Fwp%2Fv2%2Fcomments&post=161"}],"version-history":[{"count":4,"href":"https:\/\/veroniquelima.com.br\/index.php?rest_route=\/wp\/v2\/posts\/161\/revisions"}],"predecessor-version":[{"id":235,"href":"https:\/\/veroniquelima.com.br\/index.php?rest_route=\/wp\/v2\/posts\/161\/revisions\/235"}],"wp:featuredmedia":[{"embeddable":true,"href":"https:\/\/veroniquelima.com.br\/index.php?rest_route=\/wp\/v2\/media\/246"}],"wp:attachment":[{"href":"https:\/\/veroniquelima.com.br\/index.php?rest_route=%2Fwp%2Fv2%2Fmedia&parent=161"}],"wp:term":[{"taxonomy":"category","embeddable":true,"href":"https:\/\/veroniquelima.com.br\/index.php?rest_route=%2Fwp%2Fv2%2Fcategories&post=161"},{"taxonomy":"post_tag","embeddable":true,"href":"https:\/\/veroniquelima.com.br\/index.php?rest_route=%2Fwp%2Fv2%2Ftags&post=161"}],"curies":[{"name":"wp","href":"https:\/\/api.w.org\/{rel}","templated":true}]}}